{"id":1026,"date":"2023-11-14T14:55:55","date_gmt":"2023-11-14T19:55:55","guid":{"rendered":"https:\/\/aeroetslab.ca\/?p=1026"},"modified":"2023-11-14T17:35:21","modified_gmt":"2023-11-14T22:35:21","slug":"2019-modeling-capabilities-on-the-formation-of-contrails-in-a-commercial-cfd-code","status":"publish","type":"post","link":"https:\/\/aeroetslab.ca\/en\/2023\/11\/14\/2019-modeling-capabilities-on-the-formation-of-contrails-in-a-commercial-cfd-code\/","title":{"rendered":"(2019) Modeling capabilities on the formation of contrails in a commercial CFD code"},"content":{"rendered":"<p class=\"wp-block-paragraph\">Auteur(s): S\u00e9bastien Cantin, Fran\u00e7ois Morency, Fran\u00e7ois Garnier<\/p>\n\n\n\n<p class=\"wp-block-paragraph\">Date de la conf\u00e9rence: Septembre 2019<\/p>\n\n\n\n<p class=\"wp-block-paragraph\">Conf\u00e9rence: ISABE 2019, Canberra, AUS<\/p>\n\n\n\n<p class=\"wp-block-paragraph\"><a href=\"https:\/\/www.researchgate.net\/publication\/358808218_Modeling_capabilities_on_the_formation_of_contrails_in_a_commercial_CFD_code\">https:\/\/www.researchgate.net\/publication\/358808218_Modeling_capabilities_on_the_formation_of_contrails_in_a_commercial_CFD_code<\/a><\/p>\n\n\n\n<h2 class=\"wp-block-heading has-text-align-center\">Abstract<\/h2>\n\n\n\n<p class=\"has-text-align-justify wp-block-paragraph\">Aircraft contrails may contribute to the global radiative forcing. In this context, the investigation of contrail formation in the near field of an aircraft engine may be helpful in developing numerical models to reduce undesirable impacts. This study is based on three-dimensional CFD simulations with an ice microphysics module in order to investigate the ice particles formation and evolution behind a complex geometry of an aircraft engine involving a bypass and a core flow. The Unsteady Reynolds-Averaged Navier-Stokes equations are used to model the flow. Particles emitted from the engine are tracked with a Lagrangian approach accounting for ice particles growth. The simulations were carried out under realistic operation conditions for two aircraft engines: the CFM56-3 and the LEAP-1A, a recent one. The model can differentiate the formation threshold of ice particles between both engines (26 % earlier in term of distance for the LEAP-1A). Then, larger mean ice particles are found at the end of the simulation for the LEAP-1A (20 % larger). Finally, the results show that the optical depth is higher for the CFM56-3 (360 % higher).<\/p>","protected":false},"excerpt":{"rendered":"<p>Auteur(s): S\u00e9bastien Cantin, Fran\u00e7ois Morency, Fran\u00e7ois Garnier Date de la conf\u00e9rence: Septembre 2019 Conf\u00e9rence: ISABE 2019, Canberra, AUS <a href=\"https:\/\/www.researchgate.net\/publication\/358808218_Modeling_capabilities_on_the_formation_of_contrails_in_a_commercial_CFD_code\" rel=\"nofollow\">https:\/\/www.researchgate.net\/publication\/358808218_Modeling_capabilities_on_the_formation_of_contrails_in_a_commercial_CFD_code<\/a> Abstract Aircraft contrails may contribute to the global radiative forcing. In this context, the investigation of contrail formation in the near field of an aircraft engine may be helpful in developing numerical models to reduce undesirable [&hellip;]<\/p>\n","protected":false},"author":238496019,"featured_media":0,"comment_status":"open","ping_status":"open","sticky":true,"template":"","format":"standard","meta":{"_jetpack_newsletter_access":"","_jetpack_dont_email_post_to_subs":false,"_jetpack_newsletter_tier_id":0,"_jetpack_memberships_contains_paywalled_content":false,"_wpcom_ai_launchpad_first_post":false,"_jetpack_feature_clip_id":0,"_jetpack_memberships_contains_paid_content":false,"footnotes":"","jetpack_publicize_message":"{title}\n\n{excerpt}\n\n{url}","jetpack_publicize_feature_enabled":true,"jetpack_social_post_already_shared":true,"jetpack_social_options":{"image_generator_settings":{"template":"highway","default_image_id":0,"font":"","enabled":false},"version":2},"_wpas_customize_per_network":false,"jetpack_post_was_ever_published":false},"categories":[6358],"tags":[],"class_list":["post-1026","post","type-post","status-publish","format-standard","hentry","category-publications-scientifiques"],"yoast_head":"<!-- This site is optimized with the Yoast SEO plugin v28.4 - https:\/\/yoast.com\/product\/yoast-seo-wordpress\/ -->\n<title>(2019) Modeling capabilities on the formation of contrails in a commercial CFD code - Chaire A\u00e9ropropulsion ETS<\/title>\n<meta name=\"robots\" content=\"index, follow, max-snippet:-1, max-image-preview:large, max-video-preview:-1\" \/>\n<link rel=\"canonical\" href=\"https:\/\/aeroetslab.ca\/en\/2023\/11\/14\/2019-modeling-capabilities-on-the-formation-of-contrails-in-a-commercial-cfd-code\/\" \/>\n<meta property=\"og:locale\" content=\"en_US\" \/>\n<meta property=\"og:type\" content=\"article\" \/>\n<meta property=\"og:title\" content=\"(2019) Modeling capabilities on the formation of contrails in a commercial CFD code - Chaire A\u00e9ropropulsion ETS\" \/>\n<meta property=\"og:description\" content=\"Auteur(s): S\u00e9bastien Cantin, Fran\u00e7ois Morency, Fran\u00e7ois Garnier Date de la conf\u00e9rence: Septembre 2019 Conf\u00e9rence: ISABE 2019, Canberra, AUS https:\/\/www.researchgate.net\/publication\/358808218_Modeling_capabilities_on_the_formation_of_contrails_in_a_commercial_CFD_code Abstract Aircraft contrails may contribute to the global radiative forcing. In this context, the investigation of contrail formation in the near field of an aircraft engine may be helpful in developing numerical models to reduce undesirable [&hellip;]\" \/>\n<meta property=\"og:url\" content=\"https:\/\/aeroetslab.ca\/en\/2023\/11\/14\/2019-modeling-capabilities-on-the-formation-of-contrails-in-a-commercial-cfd-code\/\" \/>\n<meta property=\"og:site_name\" content=\"Chaire A\u00e9ropropulsion ETS\" \/>\n<meta property=\"article:published_time\" content=\"2023-11-14T19:55:55+00:00\" \/>\n<meta property=\"article:modified_time\" content=\"2023-11-14T22:35:21+00:00\" \/>\n<meta name=\"author\" content=\"amisandeau\" \/>\n<meta name=\"twitter:card\" content=\"summary_large_image\" \/>\n<meta name=\"twitter:label1\" content=\"Written by\" \/>\n\t<meta name=\"twitter:data1\" content=\"amisandeau\" \/>\n\t<meta name=\"twitter:label2\" content=\"Est. reading time\" \/>\n\t<meta name=\"twitter:data2\" content=\"2 minutes\" \/>\n<script type=\"application\/ld+json\" class=\"yoast-schema-graph\">{\"@context\":\"https:\\\/\\\/schema.org\",\"@graph\":[{\"@type\":\"Article\",\"@id\":\"https:\\\/\\\/aeroetslab.ca\\\/2023\\\/11\\\/14\\\/2019-modeling-capabilities-on-the-formation-of-contrails-in-a-commercial-cfd-code\\\/#article\",\"isPartOf\":{\"@id\":\"https:\\\/\\\/aeroetslab.ca\\\/2023\\\/11\\\/14\\\/2019-modeling-capabilities-on-the-formation-of-contrails-in-a-commercial-cfd-code\\\/\"},\"author\":{\"name\":\"amisandeau\",\"@id\":\"https:\\\/\\\/aeroetslab.ca\\\/#\\\/schema\\\/person\\\/8c069f4ecc39bd3f95dedbac70965954\"},\"headline\":\"(2019) Modeling capabilities on the formation of contrails in a commercial CFD code\",\"datePublished\":\"2023-11-14T19:55:55+00:00\",\"dateModified\":\"2023-11-14T22:35:21+00:00\",\"mainEntityOfPage\":{\"@id\":\"https:\\\/\\\/aeroetslab.ca\\\/2023\\\/11\\\/14\\\/2019-modeling-capabilities-on-the-formation-of-contrails-in-a-commercial-cfd-code\\\/\"},\"wordCount\":231,\"commentCount\":0,\"publisher\":{\"@id\":\"https:\\\/\\\/aeroetslab.ca\\\/#organization\"},\"articleSection\":[\"Article de conf\u00e9rence\"],\"inLanguage\":\"en-US\",\"potentialAction\":[{\"@type\":\"CommentAction\",\"name\":\"Comment\",\"target\":[\"https:\\\/\\\/aeroetslab.ca\\\/2023\\\/11\\\/14\\\/2019-modeling-capabilities-on-the-formation-of-contrails-in-a-commercial-cfd-code\\\/#respond\"]}]},{\"@type\":\"WebPage\",\"@id\":\"https:\\\/\\\/aeroetslab.ca\\\/2023\\\/11\\\/14\\\/2019-modeling-capabilities-on-the-formation-of-contrails-in-a-commercial-cfd-code\\\/\",\"url\":\"https:\\\/\\\/aeroetslab.ca\\\/2023\\\/11\\\/14\\\/2019-modeling-capabilities-on-the-formation-of-contrails-in-a-commercial-cfd-code\\\/\",\"name\":\"(2019) Modeling capabilities on the formation of contrails in a commercial CFD code - Chaire A\u00e9ropropulsion ETS\",\"isPartOf\":{\"@id\":\"https:\\\/\\\/aeroetslab.ca\\\/#website\"},\"datePublished\":\"2023-11-14T19:55:55+00:00\",\"dateModified\":\"2023-11-14T22:35:21+00:00\",\"breadcrumb\":{\"@id\":\"https:\\\/\\\/aeroetslab.ca\\\/2023\\\/11\\\/14\\\/2019-modeling-capabilities-on-the-formation-of-contrails-in-a-commercial-cfd-code\\\/#breadcrumb\"},\"inLanguage\":\"en-US\",\"potentialAction\":[{\"@type\":\"ReadAction\",\"target\":[\"https:\\\/\\\/aeroetslab.ca\\\/2023\\\/11\\\/14\\\/2019-modeling-capabilities-on-the-formation-of-contrails-in-a-commercial-cfd-code\\\/\"]}]},{\"@type\":\"BreadcrumbList\",\"@id\":\"https:\\\/\\\/aeroetslab.ca\\\/2023\\\/11\\\/14\\\/2019-modeling-capabilities-on-the-formation-of-contrails-in-a-commercial-cfd-code\\\/#breadcrumb\",\"itemListElement\":[{\"@type\":\"ListItem\",\"position\":1,\"name\":\"Accueil\",\"item\":\"https:\\\/\\\/aeroetslab.ca\\\/\"},{\"@type\":\"ListItem\",\"position\":2,\"name\":\"(2019) Modeling capabilities on the formation of contrails in a commercial CFD code\"}]},{\"@type\":\"WebSite\",\"@id\":\"https:\\\/\\\/aeroetslab.ca\\\/#website\",\"url\":\"https:\\\/\\\/aeroetslab.ca\\\/\",\"name\":\"Chaire A\u00e9ropropulsion ETS\",\"description\":\"\",\"publisher\":{\"@id\":\"https:\\\/\\\/aeroetslab.ca\\\/#organization\"},\"potentialAction\":[{\"@type\":\"SearchAction\",\"target\":{\"@type\":\"EntryPoint\",\"urlTemplate\":\"https:\\\/\\\/aeroetslab.ca\\\/?s={search_term_string}\"},\"query-input\":{\"@type\":\"PropertyValueSpecification\",\"valueRequired\":true,\"valueName\":\"search_term_string\"}}],\"inLanguage\":\"en-US\"},{\"@type\":\"Organization\",\"@id\":\"https:\\\/\\\/aeroetslab.ca\\\/#organization\",\"name\":\"Chaire A\u00e9ropropulsion ETS\",\"url\":\"https:\\\/\\\/aeroetslab.ca\\\/\",\"logo\":{\"@type\":\"ImageObject\",\"inLanguage\":\"en-US\",\"@id\":\"https:\\\/\\\/aeroetslab.ca\\\/#\\\/schema\\\/logo\\\/image\\\/\",\"url\":\"https:\\\/\\\/i0.wp.com\\\/aeroetslab.ca\\\/wp-content\\\/uploads\\\/2023\\\/08\\\/AreoPropulsion-png.png?fit=4022%2C1566&ssl=1\",\"contentUrl\":\"https:\\\/\\\/i0.wp.com\\\/aeroetslab.ca\\\/wp-content\\\/uploads\\\/2023\\\/08\\\/AreoPropulsion-png.png?fit=4022%2C1566&ssl=1\",\"width\":4022,\"height\":1566,\"caption\":\"Chaire A\u00e9ropropulsion ETS\"},\"image\":{\"@id\":\"https:\\\/\\\/aeroetslab.ca\\\/#\\\/schema\\\/logo\\\/image\\\/\"}},{\"@type\":\"Person\",\"@id\":\"https:\\\/\\\/aeroetslab.ca\\\/#\\\/schema\\\/person\\\/8c069f4ecc39bd3f95dedbac70965954\",\"name\":\"amisandeau\",\"image\":{\"@type\":\"ImageObject\",\"inLanguage\":\"en-US\",\"@id\":\"https:\\\/\\\/secure.gravatar.com\\\/avatar\\\/0f69061b02d0bc2a506b1df0d10aa41cd980505f265cd5168fdae346e7d4127c?s=96&d=identicon&r=g\",\"url\":\"https:\\\/\\\/secure.gravatar.com\\\/avatar\\\/0f69061b02d0bc2a506b1df0d10aa41cd980505f265cd5168fdae346e7d4127c?s=96&d=identicon&r=g\",\"contentUrl\":\"https:\\\/\\\/secure.gravatar.com\\\/avatar\\\/0f69061b02d0bc2a506b1df0d10aa41cd980505f265cd5168fdae346e7d4127c?s=96&d=identicon&r=g\",\"caption\":\"amisandeau\"},\"url\":\"https:\\\/\\\/aeroetslab.ca\\\/en\\\/author\\\/amisandeau\\\/\"}]}<\/script>\n<!-- \/ Yoast SEO plugin. -->","yoast_head_json":{"title":"(2019) Modeling capabilities on the formation of contrails in a commercial CFD code - Chaire A\u00e9ropropulsion ETS","robots":{"index":"index","follow":"follow","max-snippet":"max-snippet:-1","max-image-preview":"max-image-preview:large","max-video-preview":"max-video-preview:-1"},"canonical":"https:\/\/aeroetslab.ca\/en\/2023\/11\/14\/2019-modeling-capabilities-on-the-formation-of-contrails-in-a-commercial-cfd-code\/","og_locale":"en_US","og_type":"article","og_title":"(2019) Modeling capabilities on the formation of contrails in a commercial CFD code - Chaire A\u00e9ropropulsion ETS","og_description":"Auteur(s): S\u00e9bastien Cantin, Fran\u00e7ois Morency, Fran\u00e7ois Garnier Date de la conf\u00e9rence: Septembre 2019 Conf\u00e9rence: ISABE 2019, Canberra, AUS https:\/\/www.researchgate.net\/publication\/358808218_Modeling_capabilities_on_the_formation_of_contrails_in_a_commercial_CFD_code Abstract Aircraft contrails may contribute to the global radiative forcing. In this context, the investigation of contrail formation in the near field of an aircraft engine may be helpful in developing numerical models to reduce undesirable [&hellip;]","og_url":"https:\/\/aeroetslab.ca\/en\/2023\/11\/14\/2019-modeling-capabilities-on-the-formation-of-contrails-in-a-commercial-cfd-code\/","og_site_name":"Chaire A\u00e9ropropulsion ETS","article_published_time":"2023-11-14T19:55:55+00:00","article_modified_time":"2023-11-14T22:35:21+00:00","author":"amisandeau","twitter_card":"summary_large_image","twitter_misc":{"Written by":"amisandeau","Est. reading time":"2 minutes"},"schema":{"@context":"https:\/\/schema.org","@graph":[{"@type":"Article","@id":"https:\/\/aeroetslab.ca\/2023\/11\/14\/2019-modeling-capabilities-on-the-formation-of-contrails-in-a-commercial-cfd-code\/#article","isPartOf":{"@id":"https:\/\/aeroetslab.ca\/2023\/11\/14\/2019-modeling-capabilities-on-the-formation-of-contrails-in-a-commercial-cfd-code\/"},"author":{"name":"amisandeau","@id":"https:\/\/aeroetslab.ca\/#\/schema\/person\/8c069f4ecc39bd3f95dedbac70965954"},"headline":"(2019) Modeling capabilities on the formation of contrails in a commercial CFD code","datePublished":"2023-11-14T19:55:55+00:00","dateModified":"2023-11-14T22:35:21+00:00","mainEntityOfPage":{"@id":"https:\/\/aeroetslab.ca\/2023\/11\/14\/2019-modeling-capabilities-on-the-formation-of-contrails-in-a-commercial-cfd-code\/"},"wordCount":231,"commentCount":0,"publisher":{"@id":"https:\/\/aeroetslab.ca\/#organization"},"articleSection":["Article de conf\u00e9rence"],"inLanguage":"en-US","potentialAction":[{"@type":"CommentAction","name":"Comment","target":["https:\/\/aeroetslab.ca\/2023\/11\/14\/2019-modeling-capabilities-on-the-formation-of-contrails-in-a-commercial-cfd-code\/#respond"]}]},{"@type":"WebPage","@id":"https:\/\/aeroetslab.ca\/2023\/11\/14\/2019-modeling-capabilities-on-the-formation-of-contrails-in-a-commercial-cfd-code\/","url":"https:\/\/aeroetslab.ca\/2023\/11\/14\/2019-modeling-capabilities-on-the-formation-of-contrails-in-a-commercial-cfd-code\/","name":"(2019) Modeling capabilities on the formation of contrails in a commercial CFD code - Chaire A\u00e9ropropulsion ETS","isPartOf":{"@id":"https:\/\/aeroetslab.ca\/#website"},"datePublished":"2023-11-14T19:55:55+00:00","dateModified":"2023-11-14T22:35:21+00:00","breadcrumb":{"@id":"https:\/\/aeroetslab.ca\/2023\/11\/14\/2019-modeling-capabilities-on-the-formation-of-contrails-in-a-commercial-cfd-code\/#breadcrumb"},"inLanguage":"en-US","potentialAction":[{"@type":"ReadAction","target":["https:\/\/aeroetslab.ca\/2023\/11\/14\/2019-modeling-capabilities-on-the-formation-of-contrails-in-a-commercial-cfd-code\/"]}]},{"@type":"BreadcrumbList","@id":"https:\/\/aeroetslab.ca\/2023\/11\/14\/2019-modeling-capabilities-on-the-formation-of-contrails-in-a-commercial-cfd-code\/#breadcrumb","itemListElement":[{"@type":"ListItem","position":1,"name":"Accueil","item":"https:\/\/aeroetslab.ca\/"},{"@type":"ListItem","position":2,"name":"(2019) Modeling capabilities on the formation of contrails in a commercial CFD code"}]},{"@type":"WebSite","@id":"https:\/\/aeroetslab.ca\/#website","url":"https:\/\/aeroetslab.ca\/","name":"Chaire A\u00e9ropropulsion ETS","description":"","publisher":{"@id":"https:\/\/aeroetslab.ca\/#organization"},"potentialAction":[{"@type":"SearchAction","target":{"@type":"EntryPoint","urlTemplate":"https:\/\/aeroetslab.ca\/?s={search_term_string}"},"query-input":{"@type":"PropertyValueSpecification","valueRequired":true,"valueName":"search_term_string"}}],"inLanguage":"en-US"},{"@type":"Organization","@id":"https:\/\/aeroetslab.ca\/#organization","name":"Chaire A\u00e9ropropulsion ETS","url":"https:\/\/aeroetslab.ca\/","logo":{"@type":"ImageObject","inLanguage":"en-US","@id":"https:\/\/aeroetslab.ca\/#\/schema\/logo\/image\/","url":"https:\/\/i0.wp.com\/aeroetslab.ca\/wp-content\/uploads\/2023\/08\/AreoPropulsion-png.png?fit=4022%2C1566&ssl=1","contentUrl":"https:\/\/i0.wp.com\/aeroetslab.ca\/wp-content\/uploads\/2023\/08\/AreoPropulsion-png.png?fit=4022%2C1566&ssl=1","width":4022,"height":1566,"caption":"Chaire A\u00e9ropropulsion ETS"},"image":{"@id":"https:\/\/aeroetslab.ca\/#\/schema\/logo\/image\/"}},{"@type":"Person","@id":"https:\/\/aeroetslab.ca\/#\/schema\/person\/8c069f4ecc39bd3f95dedbac70965954","name":"amisandeau","image":{"@type":"ImageObject","inLanguage":"en-US","@id":"https:\/\/secure.gravatar.com\/avatar\/0f69061b02d0bc2a506b1df0d10aa41cd980505f265cd5168fdae346e7d4127c?s=96&d=identicon&r=g","url":"https:\/\/secure.gravatar.com\/avatar\/0f69061b02d0bc2a506b1df0d10aa41cd980505f265cd5168fdae346e7d4127c?s=96&d=identicon&r=g","contentUrl":"https:\/\/secure.gravatar.com\/avatar\/0f69061b02d0bc2a506b1df0d10aa41cd980505f265cd5168fdae346e7d4127c?s=96&d=identicon&r=g","caption":"amisandeau"},"url":"https:\/\/aeroetslab.ca\/en\/author\/amisandeau\/"}]}},"jetpack_publicize_connections":[],"jetpack_likes_enabled":true,"jetpack_sharing_enabled":true,"jetpack_shortlink":"https:\/\/wp.me\/pePUtN-gy","jetpack-related-posts":[],"jetpack_featured_media_url":"","_links":{"self":[{"href":"https:\/\/aeroetslab.ca\/en\/wp-json\/wp\/v2\/posts\/1026","targetHints":{"allow":["GET"]}}],"collection":[{"href":"https:\/\/aeroetslab.ca\/en\/wp-json\/wp\/v2\/posts"}],"about":[{"href":"https:\/\/aeroetslab.ca\/en\/wp-json\/wp\/v2\/types\/post"}],"author":[{"embeddable":true,"href":"https:\/\/aeroetslab.ca\/en\/wp-json\/wp\/v2\/users\/238496019"}],"replies":[{"embeddable":true,"href":"https:\/\/aeroetslab.ca\/en\/wp-json\/wp\/v2\/comments?post=1026"}],"version-history":[{"count":5,"href":"https:\/\/aeroetslab.ca\/en\/wp-json\/wp\/v2\/posts\/1026\/revisions"}],"predecessor-version":[{"id":1081,"href":"https:\/\/aeroetslab.ca\/en\/wp-json\/wp\/v2\/posts\/1026\/revisions\/1081"}],"wp:attachment":[{"href":"https:\/\/aeroetslab.ca\/en\/wp-json\/wp\/v2\/media?parent=1026"}],"wp:term":[{"taxonomy":"category","embeddable":true,"href":"https:\/\/aeroetslab.ca\/en\/wp-json\/wp\/v2\/categories?post=1026"},{"taxonomy":"post_tag","embeddable":true,"href":"https:\/\/aeroetslab.ca\/en\/wp-json\/wp\/v2\/tags?post=1026"}],"curies":[{"name":"wp","href":"https:\/\/api.w.org\/{rel}","templated":true}]}}